{"id":14490,"date":"2022-12-06T03:44:22","date_gmt":"2022-12-06T03:44:22","guid":{"rendered":"https:\/\/fcsn.org\/?p=14490"},"modified":"2025-11-10T13:18:26","modified_gmt":"2025-11-10T18:18:26","slug":"xvamos-falar-sobre-trauma-e-abuso-violencia-sexual","status":"publish","type":"post","link":"https:\/\/fcsn.org\/vi\/xvamos-falar-sobre-trauma-e-abuso-violencia-sexual\/","title":{"rendered":"Vamos Falar Sobre Trauma e Abuso Viol\u00eancia Sexual"},"content":{"rendered":"<p><iframe loading=\"lazy\" title=\"YouTube video player\" src=\"https:\/\/www.youtube.com\/embed\/E16b5ei6wpo?si=lWQB4N5wHCtuxN3m\" width=\"560\" height=\"315\" frameborder=\"0\" allowfullscreen=\"allowfullscreen\"><\/iframe><\/p>\n","protected":false},"excerpt":{"rendered":"","protected":false},"author":44,"featured_media":0,"comment_status":"closed","ping_status":"closed","sticky":false,"template":"","format":"standard","meta":{"_acf_changed":false,"_et_pb_use_builder":"","_et_pb_old_content":"","_et_gb_content_width":"","_monsterinsights_skip_tracking":false,"_jetpack_newsletter_access":"","_jetpack_dont_email_post_to_subs":false,"_jetpack_newsletter_tier_id":0,"_jetpack_memberships_contains_paywalled_content":false,"_jetpack_feature_clip_id":0,"_jetpack_memberships_contains_paid_content":false,"footnotes":"","jetpack_post_was_ever_published":false},"categories":[1],"tags":[],"class_list":["post-14490","post","type-post","status-publish","format-standard","hentry","category-uncategorized"],"translation":{"provider":"WPGlobus","version":"3.0.5","language":"vi","enabled_languages":["en","es","pt","ar","zh","vi"],"languages":{"en":{"title":true,"content":true,"excerpt":false},"es":{"title":false,"content":false,"excerpt":false},"pt":{"title":false,"content":false,"excerpt":false},"ar":{"title":false,"content":false,"excerpt":false},"zh":{"title":false,"content":false,"excerpt":false},"vi":{"title":false,"content":false,"excerpt":false}}},"acf":[],"yoast_head":"<!-- This site is optimized with the Yoast SEO plugin v28.4 - https:\/\/yoast.com\/product\/yoast-seo-wordpress\/ -->\n<title>Vamos Falar Sobre Trauma e Abuso Viol\u00eancia Sexual - Federation for Children with Special Needs<\/title>\n<meta name=\"robots\" content=\"index, follow, max-snippet:-1, max-image-preview:large, max-video-preview:-1\" \/>\n<link rel=\"canonical\" href=\"https:\/\/fcsn.org\/pt\/xvamos-falar-sobre-trauma-e-abuso-violencia-sexual\/\" \/>\n<meta property=\"og:locale\" content=\"vi_VN\" \/>\n<meta property=\"og:type\" content=\"article\" \/>\n<meta property=\"og:title\" content=\"Vamos Falar Sobre Trauma e Abuso Viol\u00eancia Sexual - Federation for Children with Special Needs\" \/>\n<meta property=\"og:url\" content=\"https:\/\/fcsn.org\/pt\/xvamos-falar-sobre-trauma-e-abuso-violencia-sexual\/\" \/>\n<meta property=\"og:site_name\" content=\"Federation for Children with Special Needs\" \/>\n<meta property=\"article:published_time\" content=\"2022-12-06T03:44:22+00:00\" \/>\n<meta property=\"article:modified_time\" content=\"2025-11-10T18:18:26+00:00\" \/>\n<meta name=\"author\" content=\"Renee Williams\" \/>\n<meta name=\"twitter:card\" content=\"summary_large_image\" \/>\n<meta name=\"twitter:label1\" content=\"Written by\" \/>\n\t<meta name=\"twitter:data1\" content=\"Renee Williams\" \/>\n<script type=\"application\/ld+json\" class=\"yoast-schema-graph\">{\"@context\":\"https:\\\/\\\/schema.org\",\"@graph\":[{\"@type\":\"Article\",\"@id\":\"https:\\\/\\\/fcsn.org\\\/pt\\\/xvamos-falar-sobre-trauma-e-abuso-violencia-sexual\\\/#article\",\"isPartOf\":{\"@id\":\"https:\\\/\\\/fcsn.org\\\/pt\\\/xvamos-falar-sobre-trauma-e-abuso-violencia-sexual\\\/\"},\"author\":{\"name\":\"Renee Williams\",\"@id\":\"https:\\\/\\\/fcsn.org\\\/#\\\/schema\\\/person\\\/780ca92122e170939c98ae80dddd7c79\"},\"headline\":\"Vamos Falar Sobre Trauma e Abuso Viol\u00eancia Sexual\",\"datePublished\":\"2022-12-06T03:44:22+00:00\",\"dateModified\":\"2025-11-10T18:18:26+00:00\",\"mainEntityOfPage\":{\"@id\":\"https:\\\/\\\/fcsn.org\\\/pt\\\/xvamos-falar-sobre-trauma-e-abuso-violencia-sexual\\\/\"},\"wordCount\":9,\"publisher\":{\"@id\":\"https:\\\/\\\/fcsn.org\\\/#organization\"},\"inLanguage\":\"vi\"},{\"@type\":\"WebPage\",\"@id\":\"https:\\\/\\\/fcsn.org\\\/pt\\\/xvamos-falar-sobre-trauma-e-abuso-violencia-sexual\\\/\",\"url\":\"https:\\\/\\\/fcsn.org\\\/pt\\\/xvamos-falar-sobre-trauma-e-abuso-violencia-sexual\\\/\",\"name\":\"Vamos Falar Sobre Trauma e Abuso Viol\u00eancia Sexual - Federation for Children with Special Needs\",\"isPartOf\":{\"@id\":\"https:\\\/\\\/fcsn.org\\\/#website\"},\"datePublished\":\"2022-12-06T03:44:22+00:00\",\"dateModified\":\"2025-11-10T18:18:26+00:00\",\"breadcrumb\":{\"@id\":\"https:\\\/\\\/fcsn.org\\\/pt\\\/xvamos-falar-sobre-trauma-e-abuso-violencia-sexual\\\/#breadcrumb\"},\"inLanguage\":\"vi\",\"potentialAction\":[{\"@type\":\"ReadAction\",\"target\":[\"https:\\\/\\\/fcsn.org\\\/pt\\\/xvamos-falar-sobre-trauma-e-abuso-violencia-sexual\\\/\"]}]},{\"@type\":\"BreadcrumbList\",\"@id\":\"https:\\\/\\\/fcsn.org\\\/pt\\\/xvamos-falar-sobre-trauma-e-abuso-violencia-sexual\\\/#breadcrumb\",\"itemListElement\":[{\"@type\":\"ListItem\",\"position\":1,\"name\":\"Home\",\"item\":\"https:\\\/\\\/fcsn.org\\\/\"},{\"@type\":\"ListItem\",\"position\":2,\"name\":\"Vamos Falar Sobre Trauma e Abuso Viol\u00eancia Sexual\"}]},{\"@type\":\"WebSite\",\"@id\":\"https:\\\/\\\/fcsn.org\\\/#website\",\"url\":\"https:\\\/\\\/fcsn.org\\\/\",\"name\":\"Federation for Children with Special Needs\",\"description\":\"\",\"publisher\":{\"@id\":\"https:\\\/\\\/fcsn.org\\\/#organization\"},\"potentialAction\":[{\"@type\":\"SearchAction\",\"target\":{\"@type\":\"EntryPoint\",\"urlTemplate\":\"https:\\\/\\\/fcsn.org\\\/?s={search_term_string}\"},\"query-input\":{\"@type\":\"PropertyValueSpecification\",\"valueRequired\":true,\"valueName\":\"search_term_string\"}}],\"inLanguage\":\"vi\"},{\"@type\":\"Organization\",\"@id\":\"https:\\\/\\\/fcsn.org\\\/#organization\",\"name\":\"Federation for Children with Special Needs\",\"url\":\"https:\\\/\\\/fcsn.org\\\/\",\"logo\":{\"@type\":\"ImageObject\",\"inLanguage\":\"vi\",\"@id\":\"https:\\\/\\\/fcsn.org\\\/#\\\/schema\\\/logo\\\/image\\\/\",\"url\":\"\",\"contentUrl\":\"\",\"caption\":\"Federation for Children with Special Needs\"},\"image\":{\"@id\":\"https:\\\/\\\/fcsn.org\\\/#\\\/schema\\\/logo\\\/image\\\/\"}},{\"@type\":\"Person\",\"@id\":\"https:\\\/\\\/fcsn.org\\\/#\\\/schema\\\/person\\\/780ca92122e170939c98ae80dddd7c79\",\"name\":\"Renee Williams\",\"image\":{\"@type\":\"ImageObject\",\"inLanguage\":\"vi\",\"@id\":\"https:\\\/\\\/secure.gravatar.com\\\/avatar\\\/f823189f30fe1bf506f724ba3c82cab80257faf6148ad6239686cf216c3127af?s=96&d=mm&r=g\",\"url\":\"https:\\\/\\\/secure.gravatar.com\\\/avatar\\\/f823189f30fe1bf506f724ba3c82cab80257faf6148ad6239686cf216c3127af?s=96&d=mm&r=g\",\"contentUrl\":\"https:\\\/\\\/secure.gravatar.com\\\/avatar\\\/f823189f30fe1bf506f724ba3c82cab80257faf6148ad6239686cf216c3127af?s=96&d=mm&r=g\",\"caption\":\"Renee Williams\"},\"url\":\"https:\\\/\\\/fcsn.org\\\/vi\\\/author\\\/renee-williams\\\/\"}]}<\/script>\n<!-- \/ Yoast SEO plugin. -->","yoast_head_json":{"title":"Vamos Falar Sobre Trauma e Abuso Viol\u00eancia Sexual - Federation for Children with Special Needs","robots":{"index":"index","follow":"follow","max-snippet":"max-snippet:-1","max-image-preview":"max-image-preview:large","max-video-preview":"max-video-preview:-1"},"canonical":"https:\/\/fcsn.org\/pt\/xvamos-falar-sobre-trauma-e-abuso-violencia-sexual\/","og_locale":"vi_VN","og_type":"article","og_title":"Vamos Falar Sobre Trauma e Abuso Viol\u00eancia Sexual - Federation for Children with Special Needs","og_url":"https:\/\/fcsn.org\/pt\/xvamos-falar-sobre-trauma-e-abuso-violencia-sexual\/","og_site_name":"Federation for Children with Special Needs","article_published_time":"2022-12-06T03:44:22+00:00","article_modified_time":"2025-11-10T18:18:26+00:00","author":"Renee Williams","twitter_card":"summary_large_image","twitter_misc":{"Written by":"Renee Williams"},"schema":{"@context":"https:\/\/schema.org","@graph":[{"@type":"Article","@id":"https:\/\/fcsn.org\/pt\/xvamos-falar-sobre-trauma-e-abuso-violencia-sexual\/#article","isPartOf":{"@id":"https:\/\/fcsn.org\/pt\/xvamos-falar-sobre-trauma-e-abuso-violencia-sexual\/"},"author":{"name":"Renee Williams","@id":"https:\/\/fcsn.org\/#\/schema\/person\/780ca92122e170939c98ae80dddd7c79"},"headline":"Vamos Falar Sobre Trauma e Abuso Viol\u00eancia Sexual","datePublished":"2022-12-06T03:44:22+00:00","dateModified":"2025-11-10T18:18:26+00:00","mainEntityOfPage":{"@id":"https:\/\/fcsn.org\/pt\/xvamos-falar-sobre-trauma-e-abuso-violencia-sexual\/"},"wordCount":9,"publisher":{"@id":"https:\/\/fcsn.org\/#organization"},"inLanguage":"vi"},{"@type":"WebPage","@id":"https:\/\/fcsn.org\/pt\/xvamos-falar-sobre-trauma-e-abuso-violencia-sexual\/","url":"https:\/\/fcsn.org\/pt\/xvamos-falar-sobre-trauma-e-abuso-violencia-sexual\/","name":"Vamos Falar Sobre Trauma e Abuso Viol\u00eancia Sexual - Federation for Children with Special Needs","isPartOf":{"@id":"https:\/\/fcsn.org\/#website"},"datePublished":"2022-12-06T03:44:22+00:00","dateModified":"2025-11-10T18:18:26+00:00","breadcrumb":{"@id":"https:\/\/fcsn.org\/pt\/xvamos-falar-sobre-trauma-e-abuso-violencia-sexual\/#breadcrumb"},"inLanguage":"vi","potentialAction":[{"@type":"ReadAction","target":["https:\/\/fcsn.org\/pt\/xvamos-falar-sobre-trauma-e-abuso-violencia-sexual\/"]}]},{"@type":"BreadcrumbList","@id":"https:\/\/fcsn.org\/pt\/xvamos-falar-sobre-trauma-e-abuso-violencia-sexual\/#breadcrumb","itemListElement":[{"@type":"ListItem","position":1,"name":"Home","item":"https:\/\/fcsn.org\/"},{"@type":"ListItem","position":2,"name":"Vamos Falar Sobre Trauma e Abuso Viol\u00eancia Sexual"}]},{"@type":"WebSite","@id":"https:\/\/fcsn.org\/#website","url":"https:\/\/fcsn.org\/","name":"Federation for Children with Special Needs","description":"","publisher":{"@id":"https:\/\/fcsn.org\/#organization"},"potentialAction":[{"@type":"SearchAction","target":{"@type":"EntryPoint","urlTemplate":"https:\/\/fcsn.org\/?s={search_term_string}"},"query-input":{"@type":"PropertyValueSpecification","valueRequired":true,"valueName":"search_term_string"}}],"inLanguage":"vi"},{"@type":"Organization","@id":"https:\/\/fcsn.org\/#organization","name":"Federation for Children with Special Needs","url":"https:\/\/fcsn.org\/","logo":{"@type":"ImageObject","inLanguage":"vi","@id":"https:\/\/fcsn.org\/#\/schema\/logo\/image\/","url":"","contentUrl":"","caption":"Federation for Children with Special Needs"},"image":{"@id":"https:\/\/fcsn.org\/#\/schema\/logo\/image\/"}},{"@type":"Person","@id":"https:\/\/fcsn.org\/#\/schema\/person\/780ca92122e170939c98ae80dddd7c79","name":"Renee Williams","image":{"@type":"ImageObject","inLanguage":"vi","@id":"https:\/\/secure.gravatar.com\/avatar\/f823189f30fe1bf506f724ba3c82cab80257faf6148ad6239686cf216c3127af?s=96&d=mm&r=g","url":"https:\/\/secure.gravatar.com\/avatar\/f823189f30fe1bf506f724ba3c82cab80257faf6148ad6239686cf216c3127af?s=96&d=mm&r=g","contentUrl":"https:\/\/secure.gravatar.com\/avatar\/f823189f30fe1bf506f724ba3c82cab80257faf6148ad6239686cf216c3127af?s=96&d=mm&r=g","caption":"Renee Williams"},"url":"https:\/\/fcsn.org\/vi\/author\/renee-williams\/"}]}},"jetpack-related-posts":[{"id":1384875,"url":"https:\/\/fcsn.org\/vi\/we-are-here-to-help\/","url_meta":{"origin":14490,"position":0},"title":"We Are Here to Help","author":"Renee Williams","date":"June 13, 2025","format":false,"excerpt":" We Are Here to HelpEstamos aqu\u00ed para ayudarlesEstamos aqui para ajudarNou la pou ede\u6211\u4eec\u7aed\u8bda\u4e3a\u60a8\u670d\u52a1Ch\u00fang t\u00f4i\u00a0\u1edf \u0111\u00e2y \u0111\u1ec3 gi\u00fap c\u00e1c b\u1ea1n \u00a0 We Are Here to Help We know many are feeling\u2026","rel":"","context":"Trong &quot;Latest News&quot;","block_context":{"text":"Latest News","link":"https:\/\/fcsn.org\/vi\/category\/latest-news\/"},"img":{"alt_text":"","src":"https:\/\/i0.wp.com\/fcsn.org\/wp-content\/uploads\/2025\/07\/MassPac-.jpg?fit=1200%2C533&ssl=1&resize=350%2C200","width":350,"height":200,"srcset":"https:\/\/i0.wp.com\/fcsn.org\/wp-content\/uploads\/2025\/07\/MassPac-.jpg?fit=1200%2C533&ssl=1&resize=350%2C200 1x, https:\/\/i0.wp.com\/fcsn.org\/wp-content\/uploads\/2025\/07\/MassPac-.jpg?fit=1200%2C533&ssl=1&resize=525%2C300 1.5x, https:\/\/i0.wp.com\/fcsn.org\/wp-content\/uploads\/2025\/07\/MassPac-.jpg?fit=1200%2C533&ssl=1&resize=700%2C400 2x, https:\/\/i0.wp.com\/fcsn.org\/wp-content\/uploads\/2025\/07\/MassPac-.jpg?fit=1200%2C533&ssl=1&resize=1050%2C600 3x"},"classes":[]},{"id":905,"url":"https:\/\/fcsn.org\/vi\/webinars-rtsc-trauma-mental-health\/","url_meta":{"origin":14490,"position":1},"title":"How to Identify &#038; Cope with Caregiver Stress &#038; Trauma","author":"Renee Williams","date":"October 15, 2024","format":false,"excerpt":"Our Connecting Families session focused on How to Identify & Cope with Caregiver Stress\/Trauma. Watch the video! https:\/\/youtube.com\/playlist?list=PLoxXvZyVuP_Y6hpJqUJQN7rIB4ujEZJ8h","rel":"","context":"Trong &quot;Latest News&quot;","block_context":{"text":"Latest News","link":"https:\/\/fcsn.org\/vi\/category\/latest-news\/"},"img":{"alt_text":"","src":"https:\/\/i0.wp.com\/img.youtube.com\/vi\/PLoxXvZyVuP_Y6hpJqUJQN7rIB4ujEZJ8h\/0.jpg?resize=350%2C200","width":350,"height":200},"classes":[]},{"id":9688,"url":"https:\/\/fcsn.org\/vi\/consider-this-articles\/","url_meta":{"origin":14490,"position":2},"title":"Consider This Articles","author":"Renee Williams","date":"May 3, 2021","format":false,"excerpt":"\u00a0 News and information about education, research, and support for SESPs; adoptive, foster, and kinship caregivers; and child welfare professionals helping children with trauma and other special needs get the most from their education This news journal is sent every month and contains a broad range of information from a\u2026","rel":"","context":"Trong &quot;Latest News&quot;","block_context":{"text":"Latest News","link":"https:\/\/fcsn.org\/vi\/category\/latest-news\/"},"img":{"alt_text":"Latest articles","src":"https:\/\/i0.wp.com\/fcsn.org\/wp-content\/uploads\/2021\/05\/AdobeStock_176515320-resized-1.jpg?fit=1200%2C857&ssl=1&resize=350%2C200","width":350,"height":200,"srcset":"https:\/\/i0.wp.com\/fcsn.org\/wp-content\/uploads\/2021\/05\/AdobeStock_176515320-resized-1.jpg?fit=1200%2C857&ssl=1&resize=350%2C200 1x, https:\/\/i0.wp.com\/fcsn.org\/wp-content\/uploads\/2021\/05\/AdobeStock_176515320-resized-1.jpg?fit=1200%2C857&ssl=1&resize=525%2C300 1.5x, https:\/\/i0.wp.com\/fcsn.org\/wp-content\/uploads\/2021\/05\/AdobeStock_176515320-resized-1.jpg?fit=1200%2C857&ssl=1&resize=700%2C400 2x, https:\/\/i0.wp.com\/fcsn.org\/wp-content\/uploads\/2021\/05\/AdobeStock_176515320-resized-1.jpg?fit=1200%2C857&ssl=1&resize=1050%2C600 3x"},"classes":[]},{"id":1398297,"url":"https:\/\/fcsn.org\/vi\/intervencion-3-30-26\/","url_meta":{"origin":14490,"position":3},"title":"Intervencion Temprana (Lunes Mazo 30 2026)","author":"Mahima Gupta","date":"February 25, 2026","format":false,"excerpt":"Conozca el programa de Intervenci\u00f3n Temprana, c\u00f3mo se determina la elegibilidad y cu\u00e1les son sus derechos, adem\u00e1s de explorar la transici\u00f3n de la Intervenci\u00f3n Temprana a la Educaci\u00f3n Especial, incluidas las diferencias entre los dos.\u00a0 Fecha:\u00a0Lunes Mazo 30 2026 Hora:\u00a06:30 a 7:30 S\u00f3lo es necesario registrarse una vez para participar\u2026","rel":"","context":"B\u00e0i t\u01b0\u01a1ng t\u1ef1","block_context":{"text":"B\u00e0i t\u01b0\u01a1ng t\u1ef1","link":""},"img":{"alt_text":"","src":"","width":0,"height":0},"classes":[]},{"id":12905,"url":"https:\/\/fcsn.org\/vi\/portuguese-resources\/","url_meta":{"origin":14490,"position":4},"title":"Portuguese Resources","author":"Renee Williams","date":"March 30, 2022","format":false,"excerpt":"Support and Resources in Portuguese: Providers working with Portuguese Families: We hope that you find it helpful to have the names in English for the links to Portuguese resources found at https:\/\/fcsn.org\/resource\/recursos-em-portugues\/\u00a0 We are here for every family about services in\u00a0 Massachusetts - regardless of your child's needs, language, background,\u2026","rel":"","context":"Trong &quot;Latest News&quot;","block_context":{"text":"Latest News","link":"https:\/\/fcsn.org\/vi\/category\/latest-news\/"},"img":{"alt_text":"","src":"https:\/\/i0.wp.com\/fcsn.org\/wp-content\/uploads\/2023\/09\/SF-webpage.jpg?resize=350%2C200&ssl=1","width":350,"height":200,"srcset":"https:\/\/i0.wp.com\/fcsn.org\/wp-content\/uploads\/2023\/09\/SF-webpage.jpg?resize=350%2C200&ssl=1 1x, https:\/\/i0.wp.com\/fcsn.org\/wp-content\/uploads\/2023\/09\/SF-webpage.jpg?resize=525%2C300&ssl=1 1.5x, https:\/\/i0.wp.com\/fcsn.org\/wp-content\/uploads\/2023\/09\/SF-webpage.jpg?resize=700%2C400&ssl=1 2x"},"classes":[]},{"id":1398295,"url":"https:\/\/fcsn.org\/vi\/comunicacion-3-23-26\/","url_meta":{"origin":14490,"position":5},"title":"Comunicaci\u00f3n Eficaz, como tener conversaciones dificiles con padres (Lunes\u00a0Mazo 23 2026)","author":"Mahima Gupta","date":"February 25, 2026","format":false,"excerpt":"Conozca la importancia de una comunicaci\u00f3n clara y asertiva, y desarrolle habilidades para expresarse de manera efectiva en distintos contextos. Aprenda estrategias pr\u00e1cticas para manejar conversaciones dif\u00edciles con los padres, promoviendo el respeto, la empat\u00eda y la colaboraci\u00f3n. Fecha:\u00a0Lunes\u00a0Mazo 23 2026 Hora:\u00a06:30 a 7:30 S\u00f3lo es necesario registrarse una vez\u2026","rel":"","context":"B\u00e0i t\u01b0\u01a1ng t\u1ef1","block_context":{"text":"B\u00e0i t\u01b0\u01a1ng t\u1ef1","link":""},"img":{"alt_text":"","src":"","width":0,"height":0},"classes":[]}],"jetpack_sharing_enabled":true,"jetpack_featured_media_url":"","_links":{"self":[{"href":"https:\/\/fcsn.org\/vi\/wp-json\/wp\/v2\/posts\/14490","targetHints":{"allow":["GET"]}}],"collection":[{"href":"https:\/\/fcsn.org\/vi\/wp-json\/wp\/v2\/posts"}],"about":[{"href":"https:\/\/fcsn.org\/vi\/wp-json\/wp\/v2\/types\/post"}],"author":[{"embeddable":true,"href":"https:\/\/fcsn.org\/vi\/wp-json\/wp\/v2\/users\/44"}],"replies":[{"embeddable":true,"href":"https:\/\/fcsn.org\/vi\/wp-json\/wp\/v2\/comments?post=14490"}],"version-history":[{"count":2,"href":"https:\/\/fcsn.org\/vi\/wp-json\/wp\/v2\/posts\/14490\/revisions"}],"predecessor-version":[{"id":1387820,"href":"https:\/\/fcsn.org\/vi\/wp-json\/wp\/v2\/posts\/14490\/revisions\/1387820"}],"wp:attachment":[{"href":"https:\/\/fcsn.org\/vi\/wp-json\/wp\/v2\/media?parent=14490"}],"wp:term":[{"taxonomy":"category","embeddable":true,"href":"https:\/\/fcsn.org\/vi\/wp-json\/wp\/v2\/categories?post=14490"},{"taxonomy":"post_tag","embeddable":true,"href":"https:\/\/fcsn.org\/vi\/wp-json\/wp\/v2\/tags?post=14490"}],"curies":[{"name":"wp","href":"https:\/\/api.w.org\/{rel}","templated":true}]}}