{"id":1398297,"date":"2026-02-25T15:01:10","date_gmt":"2026-02-25T20:01:10","guid":{"rendered":"https:\/\/fcsn.org\/?p=1398297"},"modified":"2026-03-19T14:57:20","modified_gmt":"2026-03-19T18:57:20","slug":"intervencion-3-30-26","status":"publish","type":"post","link":"https:\/\/fcsn.org\/zh\/intervencion-3-30-26\/","title":{"rendered":"Intervencion Temprana (Lunes Mazo 30 2026)"},"content":{"rendered":"<ul data-editing-info=\"{&quot;applyListStyleFromLevel&quot;:true}\">\n<li>\n<ul data-editing-info=\"{&quot;applyListStyleFromLevel&quot;:true}\">\n<li>\n<h5 role=\"presentation\"><b data-olk-copy-source=\"MessageBody\">Conozca el programa de Intervenci\u00f3n Temprana, c\u00f3mo se determina la elegibilidad y cu\u00e1les son sus derechos, adem\u00e1s de explorar la transici\u00f3n de la Intervenci\u00f3n Temprana a la Educaci\u00f3n Especial, incluidas las diferencias entre los dos.\u00a0<\/b><\/h5>\n<\/li>\n<li>\n<h5 role=\"presentation\"><b>Fecha:\u00a0<\/b>Lunes Mazo 30 2026<\/h5>\n<\/li>\n<li>\n<h5 role=\"presentation\"><b>Hora:\u00a0<\/b>6:30 a 7:30<\/h5>\n<\/li>\n<\/ul>\n<\/li>\n<\/ul>\n<h6><span data-olk-copy-source=\"MessageBody\">S\u00f3lo es necesario registrarse una vez para participar en ambas sesiones \u00a0(comunicaci\u00f3n efectiva e intervenci\u00f3n temprana).<\/span><\/h6>\n<p><strong>All meetings links are sent by Zoom prior to the workshop.\u00a0<\/strong>Handouts will be sent to attendees on the day of the presentation.<\/p>\n\n","protected":false},"excerpt":{"rendered":"<p>Conozca el programa de Intervenci\u00f3n Temprana, c\u00f3mo se determina la elegibilidad y cu\u00e1les son sus derechos, adem\u00e1s de explorar la transici\u00f3n de la Intervenci\u00f3n Temprana a la Educaci\u00f3n Especial, incluidas [&hellip;]<\/p>\n","protected":false},"author":54,"featured_media":0,"comment_status":"closed","ping_status":"open","sticky":false,"template":"","format":"standard","meta":{"_acf_changed":false,"_et_pb_use_builder":"","_et_pb_old_content":"","_et_gb_content_width":"","_monsterinsights_skip_tracking":false,"_jetpack_newsletter_access":"","_jetpack_dont_email_post_to_subs":false,"_jetpack_newsletter_tier_id":0,"_jetpack_memberships_contains_paywalled_content":false,"_jetpack_feature_clip_id":0,"_jetpack_memberships_contains_paid_content":false,"footnotes":"","jetpack_post_was_ever_published":false},"categories":[1],"tags":[],"class_list":["post-1398297","post","type-post","status-publish","format-standard","hentry","category-uncategorized"],"translation":{"provider":"WPGlobus","version":"3.0.5","language":"zh","enabled_languages":["en","es","pt","ar","zh","vi"],"languages":{"en":{"title":true,"content":true,"excerpt":false},"es":{"title":false,"content":false,"excerpt":false},"pt":{"title":false,"content":false,"excerpt":false},"ar":{"title":false,"content":false,"excerpt":false},"zh":{"title":false,"content":false,"excerpt":false},"vi":{"title":false,"content":false,"excerpt":false}}},"acf":[],"yoast_head":"<!-- This site is optimized with the Yoast SEO plugin v28.4 - https:\/\/yoast.com\/product\/yoast-seo-wordpress\/ -->\n<title>Intervencion Temprana (Lunes Mazo 30 2026) - Federation for Children with Special Needs<\/title>\n<meta name=\"robots\" content=\"index, follow, max-snippet:-1, max-image-preview:large, max-video-preview:-1\" \/>\n<link rel=\"canonical\" href=\"https:\/\/fcsn.org\/intervencion-3-30-26\/\" \/>\n<meta property=\"og:locale\" content=\"zh_CN\" \/>\n<meta property=\"og:type\" content=\"article\" \/>\n<meta property=\"og:title\" content=\"Intervencion Temprana (Lunes Mazo 30 2026) - Federation for Children with Special Needs\" \/>\n<meta property=\"og:url\" content=\"https:\/\/fcsn.org\/intervencion-3-30-26\/\" \/>\n<meta property=\"og:site_name\" content=\"Federation for Children with Special Needs\" \/>\n<meta property=\"article:published_time\" content=\"2026-02-25T20:01:10+00:00\" \/>\n<meta property=\"article:modified_time\" content=\"2026-03-19T18:57:20+00:00\" \/>\n<meta name=\"author\" content=\"Mahima Gupta\" \/>\n<meta name=\"twitter:card\" content=\"summary_large_image\" \/>\n<meta name=\"twitter:label1\" content=\"Written by\" \/>\n\t<meta name=\"twitter:data1\" content=\"Mahima Gupta\" \/>\n\t<meta name=\"twitter:label2\" content=\"Est. reading time\" \/>\n\t<meta name=\"twitter:data2\" content=\"1 minute\" \/>\n<script type=\"application\/ld+json\" class=\"yoast-schema-graph\">{\"@context\":\"https:\\\/\\\/schema.org\",\"@graph\":[{\"@type\":\"Article\",\"@id\":\"https:\\\/\\\/fcsn.org\\\/intervencion-3-30-26\\\/#article\",\"isPartOf\":{\"@id\":\"https:\\\/\\\/fcsn.org\\\/intervencion-3-30-26\\\/\"},\"author\":{\"name\":\"Mahima Gupta\",\"@id\":\"https:\\\/\\\/fcsn.org\\\/#\\\/schema\\\/person\\\/930cbbbd01b80c19b4476a7f62ce87ac\"},\"headline\":\"Intervencion Temprana (Lunes Mazo 30 2026)\",\"datePublished\":\"2026-02-25T20:01:10+00:00\",\"dateModified\":\"2026-03-19T18:57:20+00:00\",\"mainEntityOfPage\":{\"@id\":\"https:\\\/\\\/fcsn.org\\\/intervencion-3-30-26\\\/\"},\"wordCount\":99,\"publisher\":{\"@id\":\"https:\\\/\\\/fcsn.org\\\/#organization\"},\"inLanguage\":\"zh-CN\"},{\"@type\":\"WebPage\",\"@id\":\"https:\\\/\\\/fcsn.org\\\/intervencion-3-30-26\\\/\",\"url\":\"https:\\\/\\\/fcsn.org\\\/intervencion-3-30-26\\\/\",\"name\":\"Intervencion Temprana (Lunes Mazo 30 2026) - Federation for Children with Special Needs\",\"isPartOf\":{\"@id\":\"https:\\\/\\\/fcsn.org\\\/#website\"},\"datePublished\":\"2026-02-25T20:01:10+00:00\",\"dateModified\":\"2026-03-19T18:57:20+00:00\",\"breadcrumb\":{\"@id\":\"https:\\\/\\\/fcsn.org\\\/intervencion-3-30-26\\\/#breadcrumb\"},\"inLanguage\":\"zh-CN\",\"potentialAction\":[{\"@type\":\"ReadAction\",\"target\":[\"https:\\\/\\\/fcsn.org\\\/intervencion-3-30-26\\\/\"]}]},{\"@type\":\"BreadcrumbList\",\"@id\":\"https:\\\/\\\/fcsn.org\\\/intervencion-3-30-26\\\/#breadcrumb\",\"itemListElement\":[{\"@type\":\"ListItem\",\"position\":1,\"name\":\"Home\",\"item\":\"https:\\\/\\\/fcsn.org\\\/\"},{\"@type\":\"ListItem\",\"position\":2,\"name\":\"Intervencion Temprana (Lunes Mazo 30 2026)\"}]},{\"@type\":\"WebSite\",\"@id\":\"https:\\\/\\\/fcsn.org\\\/#website\",\"url\":\"https:\\\/\\\/fcsn.org\\\/\",\"name\":\"Federation for Children with Special Needs\",\"description\":\"\",\"publisher\":{\"@id\":\"https:\\\/\\\/fcsn.org\\\/#organization\"},\"potentialAction\":[{\"@type\":\"SearchAction\",\"target\":{\"@type\":\"EntryPoint\",\"urlTemplate\":\"https:\\\/\\\/fcsn.org\\\/?s={search_term_string}\"},\"query-input\":{\"@type\":\"PropertyValueSpecification\",\"valueRequired\":true,\"valueName\":\"search_term_string\"}}],\"inLanguage\":\"zh-CN\"},{\"@type\":\"Organization\",\"@id\":\"https:\\\/\\\/fcsn.org\\\/#organization\",\"name\":\"Federation for Children with Special Needs\",\"url\":\"https:\\\/\\\/fcsn.org\\\/\",\"logo\":{\"@type\":\"ImageObject\",\"inLanguage\":\"zh-CN\",\"@id\":\"https:\\\/\\\/fcsn.org\\\/#\\\/schema\\\/logo\\\/image\\\/\",\"url\":\"\",\"contentUrl\":\"\",\"caption\":\"Federation for Children with Special Needs\"},\"image\":{\"@id\":\"https:\\\/\\\/fcsn.org\\\/#\\\/schema\\\/logo\\\/image\\\/\"}},{\"@type\":\"Person\",\"@id\":\"https:\\\/\\\/fcsn.org\\\/#\\\/schema\\\/person\\\/930cbbbd01b80c19b4476a7f62ce87ac\",\"name\":\"Mahima Gupta\",\"image\":{\"@type\":\"ImageObject\",\"inLanguage\":\"zh-CN\",\"@id\":\"https:\\\/\\\/secure.gravatar.com\\\/avatar\\\/1e055d45be1eda92e481e742c80d61a39efaba9ae5022b649a4b9c3b09bcd8f1?s=96&d=mm&r=g\",\"url\":\"https:\\\/\\\/secure.gravatar.com\\\/avatar\\\/1e055d45be1eda92e481e742c80d61a39efaba9ae5022b649a4b9c3b09bcd8f1?s=96&d=mm&r=g\",\"contentUrl\":\"https:\\\/\\\/secure.gravatar.com\\\/avatar\\\/1e055d45be1eda92e481e742c80d61a39efaba9ae5022b649a4b9c3b09bcd8f1?s=96&d=mm&r=g\",\"caption\":\"Mahima Gupta\"},\"url\":\"https:\\\/\\\/fcsn.org\\\/zh\\\/author\\\/mahima-gupta\\\/\"}]}<\/script>\n<!-- \/ Yoast SEO plugin. -->","yoast_head_json":{"title":"Intervencion Temprana (Lunes Mazo 30 2026) - Federation for Children with Special Needs","robots":{"index":"index","follow":"follow","max-snippet":"max-snippet:-1","max-image-preview":"max-image-preview:large","max-video-preview":"max-video-preview:-1"},"canonical":"https:\/\/fcsn.org\/intervencion-3-30-26\/","og_locale":"zh_CN","og_type":"article","og_title":"Intervencion Temprana (Lunes Mazo 30 2026) - Federation for Children with Special Needs","og_url":"https:\/\/fcsn.org\/intervencion-3-30-26\/","og_site_name":"Federation for Children with Special Needs","article_published_time":"2026-02-25T20:01:10+00:00","article_modified_time":"2026-03-19T18:57:20+00:00","author":"Mahima Gupta","twitter_card":"summary_large_image","twitter_misc":{"Written by":"Mahima Gupta","Est. reading time":"1 minute"},"schema":{"@context":"https:\/\/schema.org","@graph":[{"@type":"Article","@id":"https:\/\/fcsn.org\/intervencion-3-30-26\/#article","isPartOf":{"@id":"https:\/\/fcsn.org\/intervencion-3-30-26\/"},"author":{"name":"Mahima Gupta","@id":"https:\/\/fcsn.org\/#\/schema\/person\/930cbbbd01b80c19b4476a7f62ce87ac"},"headline":"Intervencion Temprana (Lunes Mazo 30 2026)","datePublished":"2026-02-25T20:01:10+00:00","dateModified":"2026-03-19T18:57:20+00:00","mainEntityOfPage":{"@id":"https:\/\/fcsn.org\/intervencion-3-30-26\/"},"wordCount":99,"publisher":{"@id":"https:\/\/fcsn.org\/#organization"},"inLanguage":"zh-CN"},{"@type":"WebPage","@id":"https:\/\/fcsn.org\/intervencion-3-30-26\/","url":"https:\/\/fcsn.org\/intervencion-3-30-26\/","name":"Intervencion Temprana (Lunes Mazo 30 2026) - Federation for Children with Special Needs","isPartOf":{"@id":"https:\/\/fcsn.org\/#website"},"datePublished":"2026-02-25T20:01:10+00:00","dateModified":"2026-03-19T18:57:20+00:00","breadcrumb":{"@id":"https:\/\/fcsn.org\/intervencion-3-30-26\/#breadcrumb"},"inLanguage":"zh-CN","potentialAction":[{"@type":"ReadAction","target":["https:\/\/fcsn.org\/intervencion-3-30-26\/"]}]},{"@type":"BreadcrumbList","@id":"https:\/\/fcsn.org\/intervencion-3-30-26\/#breadcrumb","itemListElement":[{"@type":"ListItem","position":1,"name":"Home","item":"https:\/\/fcsn.org\/"},{"@type":"ListItem","position":2,"name":"Intervencion Temprana (Lunes Mazo 30 2026)"}]},{"@type":"WebSite","@id":"https:\/\/fcsn.org\/#website","url":"https:\/\/fcsn.org\/","name":"Federation for Children with Special Needs","description":"","publisher":{"@id":"https:\/\/fcsn.org\/#organization"},"potentialAction":[{"@type":"SearchAction","target":{"@type":"EntryPoint","urlTemplate":"https:\/\/fcsn.org\/?s={search_term_string}"},"query-input":{"@type":"PropertyValueSpecification","valueRequired":true,"valueName":"search_term_string"}}],"inLanguage":"zh-CN"},{"@type":"Organization","@id":"https:\/\/fcsn.org\/#organization","name":"Federation for Children with Special Needs","url":"https:\/\/fcsn.org\/","logo":{"@type":"ImageObject","inLanguage":"zh-CN","@id":"https:\/\/fcsn.org\/#\/schema\/logo\/image\/","url":"","contentUrl":"","caption":"Federation for Children with Special Needs"},"image":{"@id":"https:\/\/fcsn.org\/#\/schema\/logo\/image\/"}},{"@type":"Person","@id":"https:\/\/fcsn.org\/#\/schema\/person\/930cbbbd01b80c19b4476a7f62ce87ac","name":"Mahima Gupta","image":{"@type":"ImageObject","inLanguage":"zh-CN","@id":"https:\/\/secure.gravatar.com\/avatar\/1e055d45be1eda92e481e742c80d61a39efaba9ae5022b649a4b9c3b09bcd8f1?s=96&d=mm&r=g","url":"https:\/\/secure.gravatar.com\/avatar\/1e055d45be1eda92e481e742c80d61a39efaba9ae5022b649a4b9c3b09bcd8f1?s=96&d=mm&r=g","contentUrl":"https:\/\/secure.gravatar.com\/avatar\/1e055d45be1eda92e481e742c80d61a39efaba9ae5022b649a4b9c3b09bcd8f1?s=96&d=mm&r=g","caption":"Mahima Gupta"},"url":"https:\/\/fcsn.org\/zh\/author\/mahima-gupta\/"}]}},"jetpack-related-posts":[{"id":1398295,"url":"https:\/\/fcsn.org\/zh\/comunicacion-3-23-26\/","url_meta":{"origin":1398297,"position":0},"title":"Comunicaci\u00f3n Eficaz, como tener conversaciones dificiles con padres (Lunes\u00a0Mazo 23 2026)","author":"Mahima Gupta","date":"February 25, 2026","format":false,"excerpt":"Conozca la importancia de una comunicaci\u00f3n clara y asertiva, y desarrolle habilidades para expresarse de manera efectiva en distintos contextos. Aprenda estrategias pr\u00e1cticas para manejar conversaciones dif\u00edciles con los padres, promoviendo el respeto, la empat\u00eda y la colaboraci\u00f3n. Fecha:\u00a0Lunes\u00a0Mazo 23 2026 Hora:\u00a06:30 a 7:30 S\u00f3lo es necesario registrarse una vez\u2026","rel":"","context":"\u7c7b\u4f3c\u6587\u7ae0","block_context":{"text":"\u7c7b\u4f3c\u6587\u7ae0","link":""},"img":{"alt_text":"","src":"","width":0,"height":0},"classes":[]},{"id":1068,"url":"https:\/\/fcsn.org\/zh\/ruth-esther-de-la-cruz\/","url_meta":{"origin":1398297,"position":1},"title":"Ruth Esther de La Cruz","author":"Federation For Children With Special Needs","date":"April 15, 2021","format":false,"excerpt":"Ruth Esther de la Cruz, is originally from Santo Domingo, Dominican Republic, where she earned a degree in Criminal Justice in 2014, she has two daughters, the youngest has special conditions, which resulted in her decision to move to the US, learning about disabilities and the special education system and\u2026","rel":"","context":"\u5728\u201cFCSN Staff\u201d\u4e2d","block_context":{"text":"FCSN Staff","link":"https:\/\/fcsn.org\/zh\/category\/fcsn-staff\/"},"img":{"alt_text":"Ruth de La Cruz professional portrait.","src":"https:\/\/i0.wp.com\/fcsn.org\/wp-content\/uploads\/2021\/04\/Ruth-de-La-Cruz-2-1.jpg?fit=798%2C1200&ssl=1&resize=350%2C200","width":350,"height":200,"srcset":"https:\/\/i0.wp.com\/fcsn.org\/wp-content\/uploads\/2021\/04\/Ruth-de-La-Cruz-2-1.jpg?fit=798%2C1200&ssl=1&resize=350%2C200 1x, https:\/\/i0.wp.com\/fcsn.org\/wp-content\/uploads\/2021\/04\/Ruth-de-La-Cruz-2-1.jpg?fit=798%2C1200&ssl=1&resize=525%2C300 1.5x, https:\/\/i0.wp.com\/fcsn.org\/wp-content\/uploads\/2021\/04\/Ruth-de-La-Cruz-2-1.jpg?fit=798%2C1200&ssl=1&resize=700%2C400 2x"},"classes":[]},{"id":12000,"url":"https:\/\/fcsn.org\/zh\/sherraine-glover-diaz\/","url_meta":{"origin":1398297,"position":2},"title":"Sherraine Glover-Diaz","author":"Federation For Children With Special Needs","date":"August 23, 2021","format":false,"excerpt":"She is committed to helping young adults with intellectual and developmental disabilities also diagnosed with Autism self-actualized by giving them the financial tools to imagine a better life for themselves and their loved. Sherraine is a mom of three young adults. Sherraine is a financial administrator, financial disability advocate, facilitator,\u2026","rel":"","context":"\u5728\u201cBoard Of Directors\u201d\u4e2d","block_context":{"text":"Board Of Directors","link":"https:\/\/fcsn.org\/zh\/category\/board-of-directors\/"},"img":{"alt_text":"Sherraine Diaz","src":"https:\/\/i0.wp.com\/fcsn.org\/wp-content\/uploads\/2021\/12\/sherraine-diaz-1.jpg?fit=350%2C526&ssl=1&resize=350%2C200","width":350,"height":200},"classes":[]},{"id":1398641,"url":"https:\/\/fcsn.org\/zh\/programa-de-liderazgo-para-padres-latinos\/","url_meta":{"origin":1398297,"position":3},"title":"Programa de Liderazgo para Padres Latinos","author":"Emma Gregory","date":"March 19, 2026","format":false,"excerpt":"\u00danase a nosotros para El Programa de Liderazgo para Padres Latinos, un programa de capacitaci\u00f3n de 25 horas dise\u00f1ado para ayudar a los padres\u2026","rel":"","context":"\u7c7b\u4f3c\u6587\u7ae0","block_context":{"text":"\u7c7b\u4f3c\u6587\u7ae0","link":""},"img":{"alt_text":"","src":"https:\/\/i0.wp.com\/fcsn.org\/wp-content\/uploads\/2026\/03\/Screenshot-2026-05-11-132936-300x93.png?resize=350%2C200&ssl=1","width":350,"height":200,"srcset":"https:\/\/i0.wp.com\/fcsn.org\/wp-content\/uploads\/2026\/03\/Screenshot-2026-05-11-132936-300x93.png?resize=350%2C200&ssl=1 1x, https:\/\/i0.wp.com\/fcsn.org\/wp-content\/uploads\/2026\/03\/Screenshot-2026-05-11-132936-300x93.png?resize=525%2C300&ssl=1 1.5x"},"classes":[]},{"id":14179,"url":"https:\/\/fcsn.org\/zh\/2022-dese-indicators\/","url_meta":{"origin":1398297,"position":4},"title":"DESE Indicators &#8211; Focus Groups","author":"Renee Williams","date":"November 1, 2022","format":false,"excerpt":"Keeping a pulse on student outcomes with\u00a0ongoing stakeholder input! Virtual Focus Groups Each session will take place 5:00 PM - 6:30 PM - All groups will provide interpretation in ASL, Spanish, Portuguese, Haitian Creole, Vietnamese, and Mandarin. November 17 \u2013 School-Age Data Review November 24 \u2013 Family Engagement and Pre-School\u2026","rel":"","context":"\u5728\u201cLatest News\u201d\u4e2d","block_context":{"text":"Latest News","link":"https:\/\/fcsn.org\/zh\/category\/latest-news\/"},"img":{"alt_text":"Little girl smilling","src":"https:\/\/i0.wp.com\/fcsn.org\/wp-content\/uploads\/2022\/11\/Webpage-banner-e1667316566514-1.png?resize=350%2C200&ssl=1","width":350,"height":200,"srcset":"https:\/\/i0.wp.com\/fcsn.org\/wp-content\/uploads\/2022\/11\/Webpage-banner-e1667316566514-1.png?resize=350%2C200&ssl=1 1x, https:\/\/i0.wp.com\/fcsn.org\/wp-content\/uploads\/2022\/11\/Webpage-banner-e1667316566514-1.png?resize=525%2C300&ssl=1 1.5x, https:\/\/i0.wp.com\/fcsn.org\/wp-content\/uploads\/2022\/11\/Webpage-banner-e1667316566514-1.png?resize=700%2C400&ssl=1 2x, https:\/\/i0.wp.com\/fcsn.org\/wp-content\/uploads\/2022\/11\/Webpage-banner-e1667316566514-1.png?resize=1050%2C600&ssl=1 3x, https:\/\/i0.wp.com\/fcsn.org\/wp-content\/uploads\/2022\/11\/Webpage-banner-e1667316566514-1.png?resize=1400%2C800&ssl=1 4x"},"classes":[]},{"id":1384875,"url":"https:\/\/fcsn.org\/zh\/we-are-here-to-help\/","url_meta":{"origin":1398297,"position":5},"title":"We Are Here to Help","author":"Renee Williams","date":"June 13, 2025","format":false,"excerpt":" We Are Here to HelpEstamos aqu\u00ed para ayudarlesEstamos aqui para ajudarNou la pou ede\u6211\u4eec\u7aed\u8bda\u4e3a\u60a8\u670d\u52a1Ch\u00fang t\u00f4i\u00a0\u1edf \u0111\u00e2y \u0111\u1ec3 gi\u00fap c\u00e1c b\u1ea1n \u00a0 We Are Here to Help We know many are feeling\u2026","rel":"","context":"\u5728\u201cLatest News\u201d\u4e2d","block_context":{"text":"Latest News","link":"https:\/\/fcsn.org\/zh\/category\/latest-news\/"},"img":{"alt_text":"","src":"https:\/\/i0.wp.com\/fcsn.org\/wp-content\/uploads\/2025\/07\/MassPac-.jpg?fit=1200%2C533&ssl=1&resize=350%2C200","width":350,"height":200,"srcset":"https:\/\/i0.wp.com\/fcsn.org\/wp-content\/uploads\/2025\/07\/MassPac-.jpg?fit=1200%2C533&ssl=1&resize=350%2C200 1x, https:\/\/i0.wp.com\/fcsn.org\/wp-content\/uploads\/2025\/07\/MassPac-.jpg?fit=1200%2C533&ssl=1&resize=525%2C300 1.5x, https:\/\/i0.wp.com\/fcsn.org\/wp-content\/uploads\/2025\/07\/MassPac-.jpg?fit=1200%2C533&ssl=1&resize=700%2C400 2x, https:\/\/i0.wp.com\/fcsn.org\/wp-content\/uploads\/2025\/07\/MassPac-.jpg?fit=1200%2C533&ssl=1&resize=1050%2C600 3x"},"classes":[]}],"jetpack_sharing_enabled":true,"jetpack_featured_media_url":"","_links":{"self":[{"href":"https:\/\/fcsn.org\/zh\/wp-json\/wp\/v2\/posts\/1398297","targetHints":{"allow":["GET"]}}],"collection":[{"href":"https:\/\/fcsn.org\/zh\/wp-json\/wp\/v2\/posts"}],"about":[{"href":"https:\/\/fcsn.org\/zh\/wp-json\/wp\/v2\/types\/post"}],"author":[{"embeddable":true,"href":"https:\/\/fcsn.org\/zh\/wp-json\/wp\/v2\/users\/54"}],"replies":[{"embeddable":true,"href":"https:\/\/fcsn.org\/zh\/wp-json\/wp\/v2\/comments?post=1398297"}],"version-history":[{"count":2,"href":"https:\/\/fcsn.org\/zh\/wp-json\/wp\/v2\/posts\/1398297\/revisions"}],"predecessor-version":[{"id":1398368,"href":"https:\/\/fcsn.org\/zh\/wp-json\/wp\/v2\/posts\/1398297\/revisions\/1398368"}],"wp:attachment":[{"href":"https:\/\/fcsn.org\/zh\/wp-json\/wp\/v2\/media?parent=1398297"}],"wp:term":[{"taxonomy":"category","embeddable":true,"href":"https:\/\/fcsn.org\/zh\/wp-json\/wp\/v2\/categories?post=1398297"},{"taxonomy":"post_tag","embeddable":true,"href":"https:\/\/fcsn.org\/zh\/wp-json\/wp\/v2\/tags?post=1398297"}],"curies":[{"name":"wp","href":"https:\/\/api.w.org\/{rel}","templated":true}]}}